{"id":78783,"date":"2026-04-29T15:38:45","date_gmt":"2026-04-29T13:38:45","guid":{"rendered":"https:\/\/www.aflyon.org\/?p=78783"},"modified":"2026-04-29T17:28:57","modified_gmt":"2026-04-29T15:28:57","slug":"concert-de-jazz-a-lyon-michel-fernandez-quintet-au-coeur-dun-jazz-incandescent","status":"publish","type":"post","link":"https:\/\/www.aflyon.org\/en\/2026\/04\/29\/concert-de-jazz-a-lyon-michel-fernandez-quintet-au-coeur-dun-jazz-incandescent\/","title":{"rendered":"Jazz Concert in Lyon \u2013 Michel Fernandez Quintet at the Heart of Fiery Jazz"},"content":{"rendered":"\n<p>The Michel Fernandez Quintet has established itself as one of the most striking ensembles on the contemporary French jazz scene, driven by a powerful, free, and intensely expressive aesthetic. With their latest album <em>Live au Hot Club de Lyon<\/em>, awarded \u201cChoc Jazz\u201d by <em>Jazz Magazine<\/em> (07\/2025), the quintet confirms its unique musical identity, blending hard bop tradition with avant-garde exploration.<\/p>\n\n\n\n<p><strong>An Evening at the Alliance Fran\u00e7aise de Lyon<\/strong><\/p>\n\n\n\n<p>The Alliance Fran\u00e7aise de Lyon will host the Michel Fernandez concert on May 12 at 8:00 PM.<\/p>\n\n\n\n<p>Admission is free, subject to availability, offering audiences a rare opportunity to experience this project in an intimate and privileged setting.<\/p>\n\n\n\n<p><strong>Music of Trance, Freedom, and Fire<\/strong><\/p>\n\n\n\n<p>Rooted in a direct lineage with the great figures of modal and spiritual jazz, the project follows in the footsteps of musicians such as John Coltrane, Pharoah Sanders, Sonny Rollins, Archie Shepp, and Don Cherry.<\/p>\n\n\n\n<p>The music unfolds a dense and hypnotic universe, where the rhythm section\u2014deeply Coltrane-inspired in its drive\u2014supports a tenor saxophone with a broad, powerful tone and an almost theatrical vibrato. The eight compositions explore uncompromising modal jazz, volcanic and at times trance-like, where collective energy becomes the main driving force.<\/p>\n\n\n\n<figure class=\"wp-block-embed is-type-video is-provider-youtube wp-block-embed-youtube wp-embed-aspect-16-9 wp-has-aspect-ratio\"><div class=\"wp-block-embed__wrapper\">\n<iframe loading=\"lazy\" title=\"Michel Fernandez Quintet Live au Hot Club de Lyon : s\u00e9lection CHOC Jazz Magazine !\" width=\"500\" height=\"281\" src=\"https:\/\/www.youtube.com\/embed\/BwuozudwWC0?feature=oembed\" frameborder=\"0\" allow=\"accelerometer; autoplay; clipboard-write; encrypted-media; gyroscope; picture-in-picture; web-share\" referrerpolicy=\"strict-origin-when-cross-origin\" allowfullscreen><\/iframe>\n<\/div><\/figure>\n\n\n\n<p>More than just a concert, this performance offers a true sonic journey: a free, blazing, and organic jazz experience, where improvisation and collective power intertwine to create an immersive atmosphere, balancing tension, lyricism, and trance.<\/p>\n\n\n\n<p><strong>DETAILS<\/strong><br><em>Michel Fernandez Quintet<\/em><br><strong>When:<\/strong> May 12, 8:00 PM<br><strong>Where:<\/strong> Espace Culturel de l\u2019Alliance Fran\u00e7aise de Lyon \u2013 11 Rue Pierre Bourdan \u2013 Lyon 3rd district<br><strong>Information:<\/strong> <a>info@aflyon.org<\/a><br><\/p>\n","protected":false},"excerpt":{"rendered":"<p>The Michel Fernandez Quintet has established itself as one of the most striking ensembles on the contemporary French jazz scene, driven by a powerful, free, and intensely expressive aesthetic. With their latest album Live au Hot Club de Lyon, awarded \u201cChoc Jazz\u201d by Jazz Magazine (07\/2025), the quintet confirms its unique musical identity, blending hard [&hellip;]<\/p>\n","protected":false},"author":2,"featured_media":78784,"comment_status":"open","ping_status":"open","sticky":false,"template":"","format":"standard","meta":{"_acf_changed":false,"footnotes":""},"categories":[499],"tags":[],"class_list":["post-78783","post","type-post","status-publish","format-standard","has-post-thumbnail","hentry","category-cultural-activities"],"acf":[],"yoast_head":"<!-- This site is optimized with the Yoast SEO plugin v26.7 - https:\/\/yoast.com\/wordpress\/plugins\/seo\/ -->\n<title>Jazz Concert in Lyon \u2013 Michel Fernandez Quintet at the Heart of Fiery Jazz - Alliance Fran\u00e7aise de Lyon<\/title>\n<meta name=\"description\" content=\"Assistez \u00e0 un concert exceptionnel du Michel Fernandez Quintet \u00e0 l&#039;Alliance Fran\u00e7aise de Lyon le 12 mai 2026. Entr\u00e9e gratuite pour une soir\u00e9e jazz inoubliable !\" \/>\n<meta name=\"robots\" content=\"index, follow, max-snippet:-1, max-image-preview:large, max-video-preview:-1\" \/>\n<link rel=\"canonical\" href=\"https:\/\/www.aflyon.org\/en\/2026\/04\/29\/concert-de-jazz-a-lyon-michel-fernandez-quintet-au-coeur-dun-jazz-incandescent\/\" \/>\n<meta property=\"og:locale\" content=\"en_US\" \/>\n<meta property=\"og:type\" content=\"article\" \/>\n<meta property=\"og:title\" content=\"Jazz Concert in Lyon \u2013 Michel Fernandez Quintet at the Heart of Fiery Jazz - Alliance Fran\u00e7aise de Lyon\" \/>\n<meta property=\"og:description\" content=\"Assistez \u00e0 un concert exceptionnel du Michel Fernandez Quintet \u00e0 l&#039;Alliance Fran\u00e7aise de Lyon le 12 mai 2026. Entr\u00e9e gratuite pour une soir\u00e9e jazz inoubliable !\" \/>\n<meta property=\"og:url\" content=\"https:\/\/www.aflyon.org\/en\/2026\/04\/29\/concert-de-jazz-a-lyon-michel-fernandez-quintet-au-coeur-dun-jazz-incandescent\/\" \/>\n<meta property=\"og:site_name\" content=\"Alliance Fran\u00e7aise de Lyon\" \/>\n<meta property=\"article:published_time\" content=\"2026-04-29T13:38:45+00:00\" \/>\n<meta property=\"article:modified_time\" content=\"2026-04-29T15:28:57+00:00\" \/>\n<meta property=\"og:image\" content=\"https:\/\/www.aflyon.org\/app\/uploads\/2026\/04\/michel-fernandez-1-1000x600-1.png\" \/>\n\t<meta property=\"og:image:width\" content=\"1000\" \/>\n\t<meta property=\"og:image:height\" content=\"600\" \/>\n\t<meta property=\"og:image:type\" content=\"image\/png\" \/>\n<meta name=\"author\" content=\"Izabel OLIVEIRA CARVALHO\" \/>\n<meta name=\"twitter:card\" content=\"summary_large_image\" \/>\n<meta name=\"twitter:label1\" content=\"Written by\" \/>\n\t<meta name=\"twitter:data1\" content=\"Izabel OLIVEIRA CARVALHO\" \/>\n\t<meta name=\"twitter:label2\" content=\"Est. reading time\" \/>\n\t<meta name=\"twitter:data2\" content=\"2 minutes\" \/>\n<script type=\"application\/ld+json\" class=\"yoast-schema-graph\">{\"@context\":\"https:\/\/schema.org\",\"@graph\":[{\"@type\":\"Article\",\"@id\":\"https:\/\/www.aflyon.org\/en\/2026\/04\/29\/concert-de-jazz-a-lyon-michel-fernandez-quintet-au-coeur-dun-jazz-incandescent\/#article\",\"isPartOf\":{\"@id\":\"https:\/\/www.aflyon.org\/en\/2026\/04\/29\/concert-de-jazz-a-lyon-michel-fernandez-quintet-au-coeur-dun-jazz-incandescent\/\"},\"author\":{\"name\":\"Izabel OLIVEIRA CARVALHO\",\"@id\":\"https:\/\/www.aflyon.org\/en\/#\/schema\/person\/d90c422f37561dc5678ed7ae30a17a99\"},\"headline\":\"Jazz Concert in Lyon \u2013 Michel Fernandez Quintet at the Heart of Fiery Jazz\",\"datePublished\":\"2026-04-29T13:38:45+00:00\",\"dateModified\":\"2026-04-29T15:28:57+00:00\",\"mainEntityOfPage\":{\"@id\":\"https:\/\/www.aflyon.org\/en\/2026\/04\/29\/concert-de-jazz-a-lyon-michel-fernandez-quintet-au-coeur-dun-jazz-incandescent\/\"},\"wordCount\":279,\"commentCount\":0,\"image\":{\"@id\":\"https:\/\/www.aflyon.org\/en\/2026\/04\/29\/concert-de-jazz-a-lyon-michel-fernandez-quintet-au-coeur-dun-jazz-incandescent\/#primaryimage\"},\"thumbnailUrl\":\"https:\/\/www.aflyon.org\/app\/uploads\/2026\/04\/michel-fernandez-1-1000x600-1.png\",\"articleSection\":[\"Cultural activities\"],\"inLanguage\":\"en-US\",\"potentialAction\":[{\"@type\":\"CommentAction\",\"name\":\"Comment\",\"target\":[\"https:\/\/www.aflyon.org\/en\/2026\/04\/29\/concert-de-jazz-a-lyon-michel-fernandez-quintet-au-coeur-dun-jazz-incandescent\/#respond\"]}]},{\"@type\":\"WebPage\",\"@id\":\"https:\/\/www.aflyon.org\/en\/2026\/04\/29\/concert-de-jazz-a-lyon-michel-fernandez-quintet-au-coeur-dun-jazz-incandescent\/\",\"url\":\"https:\/\/www.aflyon.org\/en\/2026\/04\/29\/concert-de-jazz-a-lyon-michel-fernandez-quintet-au-coeur-dun-jazz-incandescent\/\",\"name\":\"Jazz Concert in Lyon \u2013 Michel Fernandez Quintet at the Heart of Fiery Jazz - Alliance Fran\u00e7aise de Lyon\",\"isPartOf\":{\"@id\":\"https:\/\/www.aflyon.org\/en\/#website\"},\"primaryImageOfPage\":{\"@id\":\"https:\/\/www.aflyon.org\/en\/2026\/04\/29\/concert-de-jazz-a-lyon-michel-fernandez-quintet-au-coeur-dun-jazz-incandescent\/#primaryimage\"},\"image\":{\"@id\":\"https:\/\/www.aflyon.org\/en\/2026\/04\/29\/concert-de-jazz-a-lyon-michel-fernandez-quintet-au-coeur-dun-jazz-incandescent\/#primaryimage\"},\"thumbnailUrl\":\"https:\/\/www.aflyon.org\/app\/uploads\/2026\/04\/michel-fernandez-1-1000x600-1.png\",\"datePublished\":\"2026-04-29T13:38:45+00:00\",\"dateModified\":\"2026-04-29T15:28:57+00:00\",\"author\":{\"@id\":\"https:\/\/www.aflyon.org\/en\/#\/schema\/person\/d90c422f37561dc5678ed7ae30a17a99\"},\"description\":\"Assistez \u00e0 un concert exceptionnel du Michel Fernandez Quintet \u00e0 l'Alliance Fran\u00e7aise de Lyon le 12 mai 2026. Entr\u00e9e gratuite pour une soir\u00e9e jazz inoubliable !\",\"breadcrumb\":{\"@id\":\"https:\/\/www.aflyon.org\/en\/2026\/04\/29\/concert-de-jazz-a-lyon-michel-fernandez-quintet-au-coeur-dun-jazz-incandescent\/#breadcrumb\"},\"inLanguage\":\"en-US\",\"potentialAction\":[{\"@type\":\"ReadAction\",\"target\":[\"https:\/\/www.aflyon.org\/en\/2026\/04\/29\/concert-de-jazz-a-lyon-michel-fernandez-quintet-au-coeur-dun-jazz-incandescent\/\"]}]},{\"@type\":\"ImageObject\",\"inLanguage\":\"en-US\",\"@id\":\"https:\/\/www.aflyon.org\/en\/2026\/04\/29\/concert-de-jazz-a-lyon-michel-fernandez-quintet-au-coeur-dun-jazz-incandescent\/#primaryimage\",\"url\":\"https:\/\/www.aflyon.org\/app\/uploads\/2026\/04\/michel-fernandez-1-1000x600-1.png\",\"contentUrl\":\"https:\/\/www.aflyon.org\/app\/uploads\/2026\/04\/michel-fernandez-1-1000x600-1.png\",\"width\":1000,\"height\":600,\"caption\":\"Michel Fernandez Quintet\"},{\"@type\":\"BreadcrumbList\",\"@id\":\"https:\/\/www.aflyon.org\/en\/2026\/04\/29\/concert-de-jazz-a-lyon-michel-fernandez-quintet-au-coeur-dun-jazz-incandescent\/#breadcrumb\",\"itemListElement\":[{\"@type\":\"ListItem\",\"position\":1,\"name\":\"Home\",\"item\":\"https:\/\/www.aflyon.org\/en\/\"},{\"@type\":\"ListItem\",\"position\":2,\"name\":\"Jazz Concert in Lyon \u2013 Michel Fernandez Quintet at the Heart of Fiery Jazz\"}]},{\"@type\":\"WebSite\",\"@id\":\"https:\/\/www.aflyon.org\/en\/#website\",\"url\":\"https:\/\/www.aflyon.org\/en\/\",\"name\":\"Alliance Fran\u00e7aise de Lyon\",\"description\":\"\",\"potentialAction\":[{\"@type\":\"SearchAction\",\"target\":{\"@type\":\"EntryPoint\",\"urlTemplate\":\"https:\/\/www.aflyon.org\/en\/?s={search_term_string}\"},\"query-input\":{\"@type\":\"PropertyValueSpecification\",\"valueRequired\":true,\"valueName\":\"search_term_string\"}}],\"inLanguage\":\"en-US\"},{\"@type\":\"Person\",\"@id\":\"https:\/\/www.aflyon.org\/en\/#\/schema\/person\/d90c422f37561dc5678ed7ae30a17a99\",\"name\":\"Izabel OLIVEIRA CARVALHO\",\"image\":{\"@type\":\"ImageObject\",\"inLanguage\":\"en-US\",\"@id\":\"https:\/\/www.aflyon.org\/en\/#\/schema\/person\/image\/\",\"url\":\"https:\/\/secure.gravatar.com\/avatar\/6f3e7a88b59336b8edaca391f067fc7d483b2e446d7e86c376e6e30371b426f4?s=96&d=mm&r=g\",\"contentUrl\":\"https:\/\/secure.gravatar.com\/avatar\/6f3e7a88b59336b8edaca391f067fc7d483b2e446d7e86c376e6e30371b426f4?s=96&d=mm&r=g\",\"caption\":\"Izabel OLIVEIRA CARVALHO\"},\"url\":\"https:\/\/www.aflyon.org\/en\/author\/afl_izabel\/\"}]}<\/script>\n<!-- \/ Yoast SEO plugin. -->","yoast_head_json":{"title":"Jazz Concert in Lyon \u2013 Michel Fernandez Quintet at the Heart of Fiery Jazz - Alliance Fran\u00e7aise de Lyon","description":"Assistez \u00e0 un concert exceptionnel du Michel Fernandez Quintet \u00e0 l'Alliance Fran\u00e7aise de Lyon le 12 mai 2026. Entr\u00e9e gratuite pour une soir\u00e9e jazz inoubliable !","robots":{"index":"index","follow":"follow","max-snippet":"max-snippet:-1","max-image-preview":"max-image-preview:large","max-video-preview":"max-video-preview:-1"},"canonical":"https:\/\/www.aflyon.org\/en\/2026\/04\/29\/concert-de-jazz-a-lyon-michel-fernandez-quintet-au-coeur-dun-jazz-incandescent\/","og_locale":"en_US","og_type":"article","og_title":"Jazz Concert in Lyon \u2013 Michel Fernandez Quintet at the Heart of Fiery Jazz - Alliance Fran\u00e7aise de Lyon","og_description":"Assistez \u00e0 un concert exceptionnel du Michel Fernandez Quintet \u00e0 l'Alliance Fran\u00e7aise de Lyon le 12 mai 2026. Entr\u00e9e gratuite pour une soir\u00e9e jazz inoubliable !","og_url":"https:\/\/www.aflyon.org\/en\/2026\/04\/29\/concert-de-jazz-a-lyon-michel-fernandez-quintet-au-coeur-dun-jazz-incandescent\/","og_site_name":"Alliance Fran\u00e7aise de Lyon","article_published_time":"2026-04-29T13:38:45+00:00","article_modified_time":"2026-04-29T15:28:57+00:00","og_image":[{"width":1000,"height":600,"url":"https:\/\/www.aflyon.org\/app\/uploads\/2026\/04\/michel-fernandez-1-1000x600-1.png","type":"image\/png"}],"author":"Izabel OLIVEIRA CARVALHO","twitter_card":"summary_large_image","twitter_misc":{"Written by":"Izabel OLIVEIRA CARVALHO","Est. reading time":"2 minutes"},"schema":{"@context":"https:\/\/schema.org","@graph":[{"@type":"Article","@id":"https:\/\/www.aflyon.org\/en\/2026\/04\/29\/concert-de-jazz-a-lyon-michel-fernandez-quintet-au-coeur-dun-jazz-incandescent\/#article","isPartOf":{"@id":"https:\/\/www.aflyon.org\/en\/2026\/04\/29\/concert-de-jazz-a-lyon-michel-fernandez-quintet-au-coeur-dun-jazz-incandescent\/"},"author":{"name":"Izabel OLIVEIRA CARVALHO","@id":"https:\/\/www.aflyon.org\/en\/#\/schema\/person\/d90c422f37561dc5678ed7ae30a17a99"},"headline":"Jazz Concert in Lyon \u2013 Michel Fernandez Quintet at the Heart of Fiery Jazz","datePublished":"2026-04-29T13:38:45+00:00","dateModified":"2026-04-29T15:28:57+00:00","mainEntityOfPage":{"@id":"https:\/\/www.aflyon.org\/en\/2026\/04\/29\/concert-de-jazz-a-lyon-michel-fernandez-quintet-au-coeur-dun-jazz-incandescent\/"},"wordCount":279,"commentCount":0,"image":{"@id":"https:\/\/www.aflyon.org\/en\/2026\/04\/29\/concert-de-jazz-a-lyon-michel-fernandez-quintet-au-coeur-dun-jazz-incandescent\/#primaryimage"},"thumbnailUrl":"https:\/\/www.aflyon.org\/app\/uploads\/2026\/04\/michel-fernandez-1-1000x600-1.png","articleSection":["Cultural activities"],"inLanguage":"en-US","potentialAction":[{"@type":"CommentAction","name":"Comment","target":["https:\/\/www.aflyon.org\/en\/2026\/04\/29\/concert-de-jazz-a-lyon-michel-fernandez-quintet-au-coeur-dun-jazz-incandescent\/#respond"]}]},{"@type":"WebPage","@id":"https:\/\/www.aflyon.org\/en\/2026\/04\/29\/concert-de-jazz-a-lyon-michel-fernandez-quintet-au-coeur-dun-jazz-incandescent\/","url":"https:\/\/www.aflyon.org\/en\/2026\/04\/29\/concert-de-jazz-a-lyon-michel-fernandez-quintet-au-coeur-dun-jazz-incandescent\/","name":"Jazz Concert in Lyon \u2013 Michel Fernandez Quintet at the Heart of Fiery Jazz - Alliance Fran\u00e7aise de Lyon","isPartOf":{"@id":"https:\/\/www.aflyon.org\/en\/#website"},"primaryImageOfPage":{"@id":"https:\/\/www.aflyon.org\/en\/2026\/04\/29\/concert-de-jazz-a-lyon-michel-fernandez-quintet-au-coeur-dun-jazz-incandescent\/#primaryimage"},"image":{"@id":"https:\/\/www.aflyon.org\/en\/2026\/04\/29\/concert-de-jazz-a-lyon-michel-fernandez-quintet-au-coeur-dun-jazz-incandescent\/#primaryimage"},"thumbnailUrl":"https:\/\/www.aflyon.org\/app\/uploads\/2026\/04\/michel-fernandez-1-1000x600-1.png","datePublished":"2026-04-29T13:38:45+00:00","dateModified":"2026-04-29T15:28:57+00:00","author":{"@id":"https:\/\/www.aflyon.org\/en\/#\/schema\/person\/d90c422f37561dc5678ed7ae30a17a99"},"description":"Assistez \u00e0 un concert exceptionnel du Michel Fernandez Quintet \u00e0 l'Alliance Fran\u00e7aise de Lyon le 12 mai 2026. Entr\u00e9e gratuite pour une soir\u00e9e jazz inoubliable !","breadcrumb":{"@id":"https:\/\/www.aflyon.org\/en\/2026\/04\/29\/concert-de-jazz-a-lyon-michel-fernandez-quintet-au-coeur-dun-jazz-incandescent\/#breadcrumb"},"inLanguage":"en-US","potentialAction":[{"@type":"ReadAction","target":["https:\/\/www.aflyon.org\/en\/2026\/04\/29\/concert-de-jazz-a-lyon-michel-fernandez-quintet-au-coeur-dun-jazz-incandescent\/"]}]},{"@type":"ImageObject","inLanguage":"en-US","@id":"https:\/\/www.aflyon.org\/en\/2026\/04\/29\/concert-de-jazz-a-lyon-michel-fernandez-quintet-au-coeur-dun-jazz-incandescent\/#primaryimage","url":"https:\/\/www.aflyon.org\/app\/uploads\/2026\/04\/michel-fernandez-1-1000x600-1.png","contentUrl":"https:\/\/www.aflyon.org\/app\/uploads\/2026\/04\/michel-fernandez-1-1000x600-1.png","width":1000,"height":600,"caption":"Michel Fernandez Quintet"},{"@type":"BreadcrumbList","@id":"https:\/\/www.aflyon.org\/en\/2026\/04\/29\/concert-de-jazz-a-lyon-michel-fernandez-quintet-au-coeur-dun-jazz-incandescent\/#breadcrumb","itemListElement":[{"@type":"ListItem","position":1,"name":"Home","item":"https:\/\/www.aflyon.org\/en\/"},{"@type":"ListItem","position":2,"name":"Jazz Concert in Lyon \u2013 Michel Fernandez Quintet at the Heart of Fiery Jazz"}]},{"@type":"WebSite","@id":"https:\/\/www.aflyon.org\/en\/#website","url":"https:\/\/www.aflyon.org\/en\/","name":"Alliance Fran\u00e7aise de Lyon","description":"","potentialAction":[{"@type":"SearchAction","target":{"@type":"EntryPoint","urlTemplate":"https:\/\/www.aflyon.org\/en\/?s={search_term_string}"},"query-input":{"@type":"PropertyValueSpecification","valueRequired":true,"valueName":"search_term_string"}}],"inLanguage":"en-US"},{"@type":"Person","@id":"https:\/\/www.aflyon.org\/en\/#\/schema\/person\/d90c422f37561dc5678ed7ae30a17a99","name":"Izabel OLIVEIRA CARVALHO","image":{"@type":"ImageObject","inLanguage":"en-US","@id":"https:\/\/www.aflyon.org\/en\/#\/schema\/person\/image\/","url":"https:\/\/secure.gravatar.com\/avatar\/6f3e7a88b59336b8edaca391f067fc7d483b2e446d7e86c376e6e30371b426f4?s=96&d=mm&r=g","contentUrl":"https:\/\/secure.gravatar.com\/avatar\/6f3e7a88b59336b8edaca391f067fc7d483b2e446d7e86c376e6e30371b426f4?s=96&d=mm&r=g","caption":"Izabel OLIVEIRA CARVALHO"},"url":"https:\/\/www.aflyon.org\/en\/author\/afl_izabel\/"}]}},"_links":{"self":[{"href":"https:\/\/www.aflyon.org\/en\/wp-json\/wp\/v2\/posts\/78783","targetHints":{"allow":["GET"]}}],"collection":[{"href":"https:\/\/www.aflyon.org\/en\/wp-json\/wp\/v2\/posts"}],"about":[{"href":"https:\/\/www.aflyon.org\/en\/wp-json\/wp\/v2\/types\/post"}],"author":[{"embeddable":true,"href":"https:\/\/www.aflyon.org\/en\/wp-json\/wp\/v2\/users\/2"}],"replies":[{"embeddable":true,"href":"https:\/\/www.aflyon.org\/en\/wp-json\/wp\/v2\/comments?post=78783"}],"version-history":[{"count":2,"href":"https:\/\/www.aflyon.org\/en\/wp-json\/wp\/v2\/posts\/78783\/revisions"}],"predecessor-version":[{"id":78818,"href":"https:\/\/www.aflyon.org\/en\/wp-json\/wp\/v2\/posts\/78783\/revisions\/78818"}],"wp:featuredmedia":[{"embeddable":true,"href":"https:\/\/www.aflyon.org\/en\/wp-json\/wp\/v2\/media\/78784"}],"wp:attachment":[{"href":"https:\/\/www.aflyon.org\/en\/wp-json\/wp\/v2\/media?parent=78783"}],"wp:term":[{"taxonomy":"category","embeddable":true,"href":"https:\/\/www.aflyon.org\/en\/wp-json\/wp\/v2\/categories?post=78783"},{"taxonomy":"post_tag","embeddable":true,"href":"https:\/\/www.aflyon.org\/en\/wp-json\/wp\/v2\/tags?post=78783"}],"curies":[{"name":"wp","href":"https:\/\/api.w.org\/{rel}","templated":true}]}}